{"id":15227,"date":"2024-06-07T21:51:30","date_gmt":"2024-06-07T21:51:30","guid":{"rendered":"https:\/\/www.areteagrifood.com\/?post_type=press&#038;p=15227"},"modified":"2024-09-23T09:00:05","modified_gmt":"2024-09-23T09:00:05","slug":"first-agroalimentare-impennate-anomale-sui-prezzi-del-succo-darancia-ma-anche-su-caffe-cacao-e-riso-ecco-perche","status":"publish","type":"press","link":"https:\/\/www.areteagrifood.com\/es\/prensa\/first-agroalimentare-impennate-anomale-sui-prezzi-del-succo-darancia-ma-anche-su-caffe-cacao-e-riso-ecco-perche\/","title":{"rendered":"FIRST &#8211; Agroalimentare, impennate anomale sui prezzi del succo d\u2019arancia. Ma anche su caff\u00e8, cacao e riso: ecco perch\u00e9"},"featured_media":17379,"menu_order":0,"template":"","meta":{"_acf_changed":false},"class_list":["post-15227","press","type-press","status-publish","has-post-thumbnail","hentry"],"acf":[],"yoast_head":"<!-- This site is optimized with the Yoast SEO plugin v28.3 - https:\/\/yoast.com\/product\/yoast-seo-wordpress\/ -->\n<title>FIRST - Agroalimentare, impennate anomale sui prezzi del succo d\u2019arancia. Ma anche su caff\u00e8, cacao e riso: ecco perch\u00e9 - Aret\u00e9<\/title>\n<meta name=\"robots\" content=\"index, follow, max-snippet:-1, max-image-preview:large, max-video-preview:-1\" \/>\n<link rel=\"canonical\" href=\"https:\/\/www.areteagrifood.com\/press\/first-agroalimentare-impennate-anomale-sui-prezzi-del-succo-darancia-ma-anche-su-caffe-cacao-e-riso-ecco-perche\/\" \/>\n<meta property=\"og:locale\" content=\"es_ES\" \/>\n<meta property=\"og:type\" content=\"article\" \/>\n<meta property=\"og:title\" content=\"FIRST - Agroalimentare, impennate anomale sui prezzi del succo d\u2019arancia. Ma anche su caff\u00e8, cacao e riso: ecco perch\u00e9 - Aret\u00e9\" \/>\n<meta property=\"og:url\" content=\"https:\/\/www.areteagrifood.com\/press\/first-agroalimentare-impennate-anomale-sui-prezzi-del-succo-darancia-ma-anche-su-caffe-cacao-e-riso-ecco-perche\/\" \/>\n<meta property=\"og:site_name\" content=\"Aret\u00e9\" \/>\n<meta property=\"article:modified_time\" content=\"2024-09-23T09:00:05+00:00\" \/>\n<meta property=\"og:image\" content=\"https:\/\/www.areteagrifood.com\/wp-content\/uploads\/2024\/06\/FirstOnline.png\" \/>\n\t<meta property=\"og:image:width\" content=\"400\" \/>\n\t<meta property=\"og:image:height\" content=\"150\" \/>\n\t<meta property=\"og:image:type\" content=\"image\/png\" \/>\n<meta name=\"twitter:card\" content=\"summary_large_image\" \/>\n<meta name=\"twitter:site\" content=\"@tweetarete\" \/>\n<script type=\"application\/ld+json\" class=\"yoast-schema-graph\">{\"@context\":\"https:\\\/\\\/schema.org\",\"@graph\":[{\"@type\":\"WebPage\",\"@id\":\"https:\\\/\\\/www.areteagrifood.com\\\/press\\\/first-agroalimentare-impennate-anomale-sui-prezzi-del-succo-darancia-ma-anche-su-caffe-cacao-e-riso-ecco-perche\\\/\",\"url\":\"https:\\\/\\\/www.areteagrifood.com\\\/press\\\/first-agroalimentare-impennate-anomale-sui-prezzi-del-succo-darancia-ma-anche-su-caffe-cacao-e-riso-ecco-perche\\\/\",\"name\":\"FIRST - Agroalimentare, impennate anomale sui prezzi del succo d\u2019arancia. Ma anche su caff\u00e8, cacao e riso: ecco perch\u00e9 - Aret\u00e9\",\"isPartOf\":{\"@id\":\"https:\\\/\\\/www.areteagrifood.com\\\/#website\"},\"primaryImageOfPage\":{\"@id\":\"https:\\\/\\\/www.areteagrifood.com\\\/press\\\/first-agroalimentare-impennate-anomale-sui-prezzi-del-succo-darancia-ma-anche-su-caffe-cacao-e-riso-ecco-perche\\\/#primaryimage\"},\"image\":{\"@id\":\"https:\\\/\\\/www.areteagrifood.com\\\/press\\\/first-agroalimentare-impennate-anomale-sui-prezzi-del-succo-darancia-ma-anche-su-caffe-cacao-e-riso-ecco-perche\\\/#primaryimage\"},\"thumbnailUrl\":\"https:\\\/\\\/www.areteagrifood.com\\\/wp-content\\\/uploads\\\/2024\\\/06\\\/FirstOnline.png\",\"datePublished\":\"2024-06-07T21:51:30+00:00\",\"dateModified\":\"2024-09-23T09:00:05+00:00\",\"breadcrumb\":{\"@id\":\"https:\\\/\\\/www.areteagrifood.com\\\/press\\\/first-agroalimentare-impennate-anomale-sui-prezzi-del-succo-darancia-ma-anche-su-caffe-cacao-e-riso-ecco-perche\\\/#breadcrumb\"},\"inLanguage\":\"es\",\"potentialAction\":[{\"@type\":\"ReadAction\",\"target\":[\"https:\\\/\\\/www.areteagrifood.com\\\/press\\\/first-agroalimentare-impennate-anomale-sui-prezzi-del-succo-darancia-ma-anche-su-caffe-cacao-e-riso-ecco-perche\\\/\"]}]},{\"@type\":\"ImageObject\",\"inLanguage\":\"es\",\"@id\":\"https:\\\/\\\/www.areteagrifood.com\\\/press\\\/first-agroalimentare-impennate-anomale-sui-prezzi-del-succo-darancia-ma-anche-su-caffe-cacao-e-riso-ecco-perche\\\/#primaryimage\",\"url\":\"https:\\\/\\\/www.areteagrifood.com\\\/wp-content\\\/uploads\\\/2024\\\/06\\\/FirstOnline.png\",\"contentUrl\":\"https:\\\/\\\/www.areteagrifood.com\\\/wp-content\\\/uploads\\\/2024\\\/06\\\/FirstOnline.png\",\"width\":400,\"height\":150},{\"@type\":\"BreadcrumbList\",\"@id\":\"https:\\\/\\\/www.areteagrifood.com\\\/press\\\/first-agroalimentare-impennate-anomale-sui-prezzi-del-succo-darancia-ma-anche-su-caffe-cacao-e-riso-ecco-perche\\\/#breadcrumb\",\"itemListElement\":[{\"@type\":\"ListItem\",\"position\":1,\"name\":\"Home\",\"item\":\"https:\\\/\\\/www.areteagrifood.com\\\/\"},{\"@type\":\"ListItem\",\"position\":2,\"name\":\"Press\",\"item\":\"https:\\\/\\\/www.areteagrifood.com\\\/press\\\/\"},{\"@type\":\"ListItem\",\"position\":3,\"name\":\"FIRST &#8211; Agroalimentare, impennate anomale sui prezzi del succo d\u2019arancia. Ma anche su caff\u00e8, cacao e riso: ecco perch\u00e9\"}]},{\"@type\":\"WebSite\",\"@id\":\"https:\\\/\\\/www.areteagrifood.com\\\/#website\",\"url\":\"https:\\\/\\\/www.areteagrifood.com\\\/\",\"name\":\"Aret\u00e9\",\"description\":\"The Agri-Food Intelligence Company\",\"publisher\":{\"@id\":\"https:\\\/\\\/www.areteagrifood.com\\\/#organization\"},\"potentialAction\":[{\"@type\":\"SearchAction\",\"target\":{\"@type\":\"EntryPoint\",\"urlTemplate\":\"https:\\\/\\\/www.areteagrifood.com\\\/?s={search_term_string}\"},\"query-input\":{\"@type\":\"PropertyValueSpecification\",\"valueRequired\":true,\"valueName\":\"search_term_string\"}}],\"inLanguage\":\"es\"},{\"@type\":\"Organization\",\"@id\":\"https:\\\/\\\/www.areteagrifood.com\\\/#organization\",\"name\":\"Aret\u00e9\",\"url\":\"https:\\\/\\\/www.areteagrifood.com\\\/\",\"logo\":{\"@type\":\"ImageObject\",\"inLanguage\":\"es\",\"@id\":\"https:\\\/\\\/www.areteagrifood.com\\\/#\\\/schema\\\/logo\\\/image\\\/\",\"url\":\"https:\\\/\\\/www.areteagrifood.com\\\/wp-content\\\/uploads\\\/2024\\\/02\\\/logo-arete-new-pay-off-2-NERO-ARANCIO.png\",\"contentUrl\":\"https:\\\/\\\/www.areteagrifood.com\\\/wp-content\\\/uploads\\\/2024\\\/02\\\/logo-arete-new-pay-off-2-NERO-ARANCIO.png\",\"width\":1280,\"height\":269,\"caption\":\"Aret\u00e9\"},\"image\":{\"@id\":\"https:\\\/\\\/www.areteagrifood.com\\\/#\\\/schema\\\/logo\\\/image\\\/\"},\"sameAs\":[\"https:\\\/\\\/x.com\\\/tweetarete\",\"https:\\\/\\\/www.linkedin.com\\\/company\\\/areteagrifood\"]}]}<\/script>\n<!-- \/ Yoast SEO plugin. -->","yoast_head_json":{"title":"FIRST - Agroalimentare, impennate anomale sui prezzi del succo d\u2019arancia. Ma anche su caff\u00e8, cacao e riso: ecco perch\u00e9 - Aret\u00e9","robots":{"index":"index","follow":"follow","max-snippet":"max-snippet:-1","max-image-preview":"max-image-preview:large","max-video-preview":"max-video-preview:-1"},"canonical":"https:\/\/www.areteagrifood.com\/press\/first-agroalimentare-impennate-anomale-sui-prezzi-del-succo-darancia-ma-anche-su-caffe-cacao-e-riso-ecco-perche\/","og_locale":"es_ES","og_type":"article","og_title":"FIRST - Agroalimentare, impennate anomale sui prezzi del succo d\u2019arancia. Ma anche su caff\u00e8, cacao e riso: ecco perch\u00e9 - Aret\u00e9","og_url":"https:\/\/www.areteagrifood.com\/press\/first-agroalimentare-impennate-anomale-sui-prezzi-del-succo-darancia-ma-anche-su-caffe-cacao-e-riso-ecco-perche\/","og_site_name":"Aret\u00e9","article_modified_time":"2024-09-23T09:00:05+00:00","og_image":[{"width":400,"height":150,"url":"https:\/\/www.areteagrifood.com\/wp-content\/uploads\/2024\/06\/FirstOnline.png","type":"image\/png"}],"twitter_card":"summary_large_image","twitter_site":"@tweetarete","schema":{"@context":"https:\/\/schema.org","@graph":[{"@type":"WebPage","@id":"https:\/\/www.areteagrifood.com\/press\/first-agroalimentare-impennate-anomale-sui-prezzi-del-succo-darancia-ma-anche-su-caffe-cacao-e-riso-ecco-perche\/","url":"https:\/\/www.areteagrifood.com\/press\/first-agroalimentare-impennate-anomale-sui-prezzi-del-succo-darancia-ma-anche-su-caffe-cacao-e-riso-ecco-perche\/","name":"FIRST - Agroalimentare, impennate anomale sui prezzi del succo d\u2019arancia. Ma anche su caff\u00e8, cacao e riso: ecco perch\u00e9 - Aret\u00e9","isPartOf":{"@id":"https:\/\/www.areteagrifood.com\/#website"},"primaryImageOfPage":{"@id":"https:\/\/www.areteagrifood.com\/press\/first-agroalimentare-impennate-anomale-sui-prezzi-del-succo-darancia-ma-anche-su-caffe-cacao-e-riso-ecco-perche\/#primaryimage"},"image":{"@id":"https:\/\/www.areteagrifood.com\/press\/first-agroalimentare-impennate-anomale-sui-prezzi-del-succo-darancia-ma-anche-su-caffe-cacao-e-riso-ecco-perche\/#primaryimage"},"thumbnailUrl":"https:\/\/www.areteagrifood.com\/wp-content\/uploads\/2024\/06\/FirstOnline.png","datePublished":"2024-06-07T21:51:30+00:00","dateModified":"2024-09-23T09:00:05+00:00","breadcrumb":{"@id":"https:\/\/www.areteagrifood.com\/press\/first-agroalimentare-impennate-anomale-sui-prezzi-del-succo-darancia-ma-anche-su-caffe-cacao-e-riso-ecco-perche\/#breadcrumb"},"inLanguage":"es","potentialAction":[{"@type":"ReadAction","target":["https:\/\/www.areteagrifood.com\/press\/first-agroalimentare-impennate-anomale-sui-prezzi-del-succo-darancia-ma-anche-su-caffe-cacao-e-riso-ecco-perche\/"]}]},{"@type":"ImageObject","inLanguage":"es","@id":"https:\/\/www.areteagrifood.com\/press\/first-agroalimentare-impennate-anomale-sui-prezzi-del-succo-darancia-ma-anche-su-caffe-cacao-e-riso-ecco-perche\/#primaryimage","url":"https:\/\/www.areteagrifood.com\/wp-content\/uploads\/2024\/06\/FirstOnline.png","contentUrl":"https:\/\/www.areteagrifood.com\/wp-content\/uploads\/2024\/06\/FirstOnline.png","width":400,"height":150},{"@type":"BreadcrumbList","@id":"https:\/\/www.areteagrifood.com\/press\/first-agroalimentare-impennate-anomale-sui-prezzi-del-succo-darancia-ma-anche-su-caffe-cacao-e-riso-ecco-perche\/#breadcrumb","itemListElement":[{"@type":"ListItem","position":1,"name":"Home","item":"https:\/\/www.areteagrifood.com\/"},{"@type":"ListItem","position":2,"name":"Press","item":"https:\/\/www.areteagrifood.com\/press\/"},{"@type":"ListItem","position":3,"name":"FIRST &#8211; Agroalimentare, impennate anomale sui prezzi del succo d\u2019arancia. Ma anche su caff\u00e8, cacao e riso: ecco perch\u00e9"}]},{"@type":"WebSite","@id":"https:\/\/www.areteagrifood.com\/#website","url":"https:\/\/www.areteagrifood.com\/","name":"Aret\u00e9","description":"The Agri-Food Intelligence Company","publisher":{"@id":"https:\/\/www.areteagrifood.com\/#organization"},"potentialAction":[{"@type":"SearchAction","target":{"@type":"EntryPoint","urlTemplate":"https:\/\/www.areteagrifood.com\/?s={search_term_string}"},"query-input":{"@type":"PropertyValueSpecification","valueRequired":true,"valueName":"search_term_string"}}],"inLanguage":"es"},{"@type":"Organization","@id":"https:\/\/www.areteagrifood.com\/#organization","name":"Aret\u00e9","url":"https:\/\/www.areteagrifood.com\/","logo":{"@type":"ImageObject","inLanguage":"es","@id":"https:\/\/www.areteagrifood.com\/#\/schema\/logo\/image\/","url":"https:\/\/www.areteagrifood.com\/wp-content\/uploads\/2024\/02\/logo-arete-new-pay-off-2-NERO-ARANCIO.png","contentUrl":"https:\/\/www.areteagrifood.com\/wp-content\/uploads\/2024\/02\/logo-arete-new-pay-off-2-NERO-ARANCIO.png","width":1280,"height":269,"caption":"Aret\u00e9"},"image":{"@id":"https:\/\/www.areteagrifood.com\/#\/schema\/logo\/image\/"},"sameAs":["https:\/\/x.com\/tweetarete","https:\/\/www.linkedin.com\/company\/areteagrifood"]}]}},"_links":{"self":[{"href":"https:\/\/www.areteagrifood.com\/es\/wp-json\/wp\/v2\/press\/15227","targetHints":{"allow":["GET"]}}],"collection":[{"href":"https:\/\/www.areteagrifood.com\/es\/wp-json\/wp\/v2\/press"}],"about":[{"href":"https:\/\/www.areteagrifood.com\/es\/wp-json\/wp\/v2\/types\/press"}],"wp:featuredmedia":[{"embeddable":true,"href":"https:\/\/www.areteagrifood.com\/es\/wp-json\/wp\/v2\/media\/17379"}],"wp:attachment":[{"href":"https:\/\/www.areteagrifood.com\/es\/wp-json\/wp\/v2\/media?parent=15227"}],"curies":[{"name":"wp","href":"https:\/\/api.w.org\/{rel}","templated":true}]}}